{"id":1139,"date":"2020-12-05T20:26:23","date_gmt":"2020-12-05T20:26:23","guid":{"rendered":"https:\/\/museogcivilcampillo.es\/?p=1139"},"modified":"2020-12-05T21:05:45","modified_gmt":"2020-12-05T21:05:45","slug":"aprobada-ley-5-2020-de-1-de-diciembre-de-instituciones-museisticas-de-extremadura","status":"publish","type":"post","link":"https:\/\/museogcivilcampillo.es\/?p=1139","title":{"rendered":"Aprobada LEY 5\/2020, de 1 de diciembre, de Instituciones Muse\u00edsticas de Extremadura"},"content":{"rendered":"<p>El pasado 3 de diciembre se publicaba en el Diario Oficial de Extremadura n\u00ba 234, la Ley 5\/2020, de 1 de diciembre, de Instituciones Muse\u00edsticas de Extremadura.<br \/>\nEste Ley supone un gran impulso a la planificaci\u00f3n muse\u00edstica creando un sistema organizado que garantice \u00f3ptimamente su gesti\u00f3n.<\/p>\n<p>Las Instituciones Muse\u00edsticas de Extremadura, adem\u00e1s de constituir una parte fundamental del patrimonio cultural de la Comunidad Aut\u00f3noma por los bienes que custodian, son espacios vitales para el desarrollo de la cultura y de la sociedad, act\u00faan como soporte de la memoria colectiva y como referentes de la identidad de la regi\u00f3n erigi\u00e9ndose en instrumen-tos eficaces de comunicaci\u00f3n de conocimientos, ideas y emociones en el entorno en el que interact\u00faan.<\/p>\n<p>Jos\u00e9 Antonio Lianes, Alcalde de Campillo de Llerena y presidente de la Comisi\u00f3n de Cultura, Turismo y Deportes de la FEMPEX, ha participado en la Comisi\u00f3n del mismo nombre de la Asamblea de Extremadura dentro del periodo informativo del Proyecto de Ley de Instituciones Muse\u00edsticas de Extremadura.<\/p>\n<p>Para la FEMPEX se trataba de una norma &#8220;necesaria&#8221;y que por lo tanto &#8220;se est\u00e1 de acuerdo con su aprobaci\u00f3n&#8221; porque entre otras cosas mejorar\u00e1 la estructura organizativa de los museos de la regi\u00f3n para que ofrezcan un mejor servicio p\u00fablico.<\/p>\n<p>Lianes record\u00f3 que la Comisi\u00f3n que preside mantuvo una reuni\u00f3n de trabajo, con la Secretaria general de Cultura de la Junta, Miriam Garc\u00eda Cabezas, el pasado mes de marzo, para estudiar y analizar el citado Proyecto de Ley.<\/p>\n<p><img loading=\"lazy\" class=\"aligncenter wp-image-1140\" src=\"http:\/\/museogcivilcampillo.es\/wp-content\/uploads\/2020\/12\/Ej1aXJEXkAEXtb6.jpg\" alt=\"Ley Museo FEMPEX\" width=\"500\" height=\"333\" srcset=\"https:\/\/museogcivilcampillo.es\/wp-content\/uploads\/2020\/12\/Ej1aXJEXkAEXtb6.jpg 799w, https:\/\/museogcivilcampillo.es\/wp-content\/uploads\/2020\/12\/Ej1aXJEXkAEXtb6-300x200.jpg 300w, https:\/\/museogcivilcampillo.es\/wp-content\/uploads\/2020\/12\/Ej1aXJEXkAEXtb6-768x511.jpg 768w, https:\/\/museogcivilcampillo.es\/wp-content\/uploads\/2020\/12\/Ej1aXJEXkAEXtb6-272x182.jpg 272w\" sizes=\"(max-width: 500px) 100vw, 500px\" \/><\/p>\n<p>En los \u00faltimos a\u00f1os las Instituciones Muse\u00edsticas han generado un inter\u00e9s creciente por parte del Turismo Cultural practicado por aquellos ciudadanos que buscan el disfrute de un Patri-monio Cultural que les pertenece. De modo que actualmente los museos son una atracci\u00f3n tu r\u00edstica m\u00e1s, impulsora y dinamizadora de una actividad tur\u00edstica que, a su vez, genera riqueza. Por ello, esta ley en su art\u00edculo 2.10 recoge entre sus competencias el fomento, proyecci\u00f3n e integraci\u00f3n de las Instituciones Muse\u00edsticas en la vida cultural y social de su \u00e1mbito territorial. Sin embargo, en la relaci\u00f3n de los museos con el turismo cultural deben primar siempre los motivos culturales y educativos sobre los criterios tur\u00edsticos y econ\u00f3mi-cos.<\/p>\n","protected":false},"excerpt":{"rendered":"<p>El pasado 3 de diciembre se publicaba en el Diario Oficial de Extremadura n\u00ba 234, la Ley 5\/2020, de 1 de diciembre, de Instituciones Muse\u00edsticas de Extremadura. Este Ley supone un gran impulso a la planificaci\u00f3n muse\u00edstica creando un sistema organizado que garantice \u00f3ptimamente su gesti\u00f3n. Las Instituciones Muse\u00edsticas de Extremadura, adem\u00e1s de constituir una [&hellip;]<\/p>\n","protected":false},"author":1,"featured_media":1140,"comment_status":"closed","ping_status":"closed","sticky":false,"template":"","format":"standard","meta":{"ngg_post_thumbnail":0},"categories":[8],"tags":[],"_links":{"self":[{"href":"https:\/\/museogcivilcampillo.es\/index.php?rest_route=\/wp\/v2\/posts\/1139"}],"collection":[{"href":"https:\/\/museogcivilcampillo.es\/index.php?rest_route=\/wp\/v2\/posts"}],"about":[{"href":"https:\/\/museogcivilcampillo.es\/index.php?rest_route=\/wp\/v2\/types\/post"}],"author":[{"embeddable":true,"href":"https:\/\/museogcivilcampillo.es\/index.php?rest_route=\/wp\/v2\/users\/1"}],"replies":[{"embeddable":true,"href":"https:\/\/museogcivilcampillo.es\/index.php?rest_route=%2Fwp%2Fv2%2Fcomments&post=1139"}],"version-history":[{"count":3,"href":"https:\/\/museogcivilcampillo.es\/index.php?rest_route=\/wp\/v2\/posts\/1139\/revisions"}],"predecessor-version":[{"id":1172,"href":"https:\/\/museogcivilcampillo.es\/index.php?rest_route=\/wp\/v2\/posts\/1139\/revisions\/1172"}],"wp:featuredmedia":[{"embeddable":true,"href":"https:\/\/museogcivilcampillo.es\/index.php?rest_route=\/wp\/v2\/media\/1140"}],"wp:attachment":[{"href":"https:\/\/museogcivilcampillo.es\/index.php?rest_route=%2Fwp%2Fv2%2Fmedia&parent=1139"}],"wp:term":[{"taxonomy":"category","embeddable":true,"href":"https:\/\/museogcivilcampillo.es\/index.php?rest_route=%2Fwp%2Fv2%2Fcategories&post=1139"},{"taxonomy":"post_tag","embeddable":true,"href":"https:\/\/museogcivilcampillo.es\/index.php?rest_route=%2Fwp%2Fv2%2Ftags&post=1139"}],"curies":[{"name":"wp","href":"https:\/\/api.w.org\/{rel}","templated":true}]}}