{"id":1197,"date":"2020-12-05T21:57:02","date_gmt":"2020-12-05T21:57:02","guid":{"rendered":"https:\/\/museogcivilcampillo.es\/?p=1197"},"modified":"2020-12-07T19:13:25","modified_gmt":"2020-12-07T19:13:25","slug":"video","status":"publish","type":"post","link":"https:\/\/museogcivilcampillo.es\/?p=1197","title":{"rendered":"Video de presentaci\u00f3n del Complejo Muse\u00edstico de la Guerra Civil en Campillo de LLerena"},"content":{"rendered":"\t\t<div data-elementor-type=\"wp-post\" data-elementor-id=\"1197\" class=\"elementor elementor-1197\" data-elementor-settings=\"[]\">\n\t\t\t\t\t\t<div class=\"elementor-inner\">\n\t\t\t\t\t\t\t<div class=\"elementor-section-wrap\">\n\t\t\t\t\t\t\t<section class=\"elementor-section elementor-top-section elementor-element elementor-element-647ada0b elementor-section-boxed elementor-section-height-default elementor-section-height-default\" data-id=\"647ada0b\" data-element_type=\"section\">\n\t\t\t\t\t\t<div class=\"elementor-container elementor-column-gap-default\">\n\t\t\t\t\t\t\t<div class=\"elementor-row\">\n\t\t\t\t\t<div class=\"elementor-column elementor-col-100 elementor-top-column elementor-element elementor-element-7ec99235\" data-id=\"7ec99235\" data-element_type=\"column\">\n\t\t\t<div class=\"elementor-column-wrap elementor-element-populated\">\n\t\t\t\t\t\t\t<div class=\"elementor-widget-wrap\">\n\t\t\t\t\t\t<div class=\"elementor-element elementor-element-62c26898 elementor-widget elementor-widget-text-editor\" data-id=\"62c26898\" data-element_type=\"widget\" data-widget_type=\"text-editor.default\">\n\t\t\t\t<div class=\"elementor-widget-container\">\n\t\t\t\t\t\t\t\t<div class=\"elementor-text-editor elementor-clearfix\">\n\t\t\t\t<p><!-- wp:tadv\/classic-paragraph --><\/p>\n<p>El complejo muse\u00edstico sobre la Guerra Civil de Campillo de Llerena, formado por el Cementerio de guerra de los Italianos y\u00a0 la Colecci\u00f3n Museogr\u00e1fica de la Guerra Civil, es una entidad p\u00fablica promovida por el Ayto. de Campillo de Llerena (Badajoz).<\/p>\n<p>Campillo de Llerena fue testigo de los tres a\u00f1os de contienda civil. En sus alrededores se desarrollaron importantes combates y no pocos golpes de mano que han dejado un important\u00edsimo patrimonio b\u00e9lico que nuestro Museo pone en valor.<\/p>\n<p><!-- \/wp:tadv\/classic-paragraph --><\/p>\n<p><!-- wp:core-embed\/youtube {\"url\":\"https:\/\/www.youtube.com\/watch?v=tsY_py7YXqo\\u0026feature=youtu.be\",\"type\":\"video\",\"providerNameSlug\":\"youtube\",\"className\":\"wp-embed-aspect-16-9 wp-has-aspect-ratio\"} --><\/p>\n<figure class=\"wp-block-embed-youtube wp-block-embed is-type-video is-provider-youtube wp-embed-aspect-16-9 wp-has-aspect-ratio\">\n<div class=\"wp-block-embed__wrapper\">\u00a0En caso de no visualizar el video, pulse en el siguiente enlace, <a href=\"https:\/\/www.youtube.com\/watch?v=tsY_py7YXqo&amp;feature=youtu.be\" target=\"_blank\" rel=\"noopener noreferrer\">ver video<\/a><\/div>\n<\/figure>\n<p>\u00a0<\/p>\n<p><!-- \/wp:tadv\/classic-paragraph --><\/p>\t\t\t\t\t<\/div>\n\t\t\t\t\t\t<\/div>\n\t\t\t\t<\/div>\n\t\t\t\t\t\t<\/div>\n\t\t\t\t\t<\/div>\n\t\t<\/div>\n\t\t\t\t\t\t\t\t<\/div>\n\t\t\t\t\t<\/div>\n\t\t<\/section>\n\t\t\t\t<section class=\"elementor-section elementor-top-section elementor-element elementor-element-e6e01c1 elementor-section-boxed elementor-section-height-default elementor-section-height-default\" data-id=\"e6e01c1\" data-element_type=\"section\">\n\t\t\t\t\t\t<div class=\"elementor-container elementor-column-gap-default\">\n\t\t\t\t\t\t\t<div class=\"elementor-row\">\n\t\t\t\t\t<div class=\"elementor-column elementor-col-100 elementor-top-column elementor-element elementor-element-5d3cbf5\" data-id=\"5d3cbf5\" data-element_type=\"column\">\n\t\t\t<div class=\"elementor-column-wrap elementor-element-populated\">\n\t\t\t\t\t\t\t<div class=\"elementor-widget-wrap\">\n\t\t\t\t\t\t<div class=\"elementor-element elementor-element-6d7c2ef elementor-aspect-ratio-169 elementor-widget elementor-widget-video\" data-id=\"6d7c2ef\" data-element_type=\"widget\" data-settings=\"{&quot;youtube_url&quot;:&quot;https:\\\/\\\/youtu.be\\\/tsY_py7YXqo&quot;,&quot;start&quot;:0,&quot;autoplay&quot;:&quot;yes&quot;,&quot;play_on_mobile&quot;:&quot;yes&quot;,&quot;video_type&quot;:&quot;youtube&quot;,&quot;controls&quot;:&quot;yes&quot;,&quot;aspect_ratio&quot;:&quot;169&quot;}\" data-widget_type=\"video.default\">\n\t\t\t\t<div class=\"elementor-widget-container\">\n\t\t\t\t\t<div class=\"elementor-wrapper elementor-fit-aspect-ratio elementor-open-inline\">\n\t\t\t<div class=\"elementor-video\"><\/div>\t\t<\/div>\n\t\t\t\t<\/div>\n\t\t\t\t<\/div>\n\t\t\t\t\t\t<\/div>\n\t\t\t\t\t<\/div>\n\t\t<\/div>\n\t\t\t\t\t\t\t\t<\/div>\n\t\t\t\t\t<\/div>\n\t\t<\/section>\n\t\t\t\t\t\t<\/div>\n\t\t\t\t\t\t<\/div>\n\t\t\t\t\t<\/div>\n\t\t","protected":false},"excerpt":{"rendered":"<p>El complejo muse\u00edstico sobre la Guerra Civil de Campillo de Llerena, formado por el Cementerio de guerra de los Italianos y\u00a0 la Colecci\u00f3n Museogr\u00e1fica de la Guerra Civil, es una entidad p\u00fablica promovida por el Ayto. de Campillo de Llerena (Badajoz). Campillo de Llerena fue testigo de los tres a\u00f1os de contienda civil. En sus [&hellip;]<\/p>\n","protected":false},"author":1,"featured_media":1224,"comment_status":"closed","ping_status":"closed","sticky":false,"template":"","format":"standard","meta":{"ngg_post_thumbnail":0},"categories":[8],"tags":[],"_links":{"self":[{"href":"https:\/\/museogcivilcampillo.es\/index.php?rest_route=\/wp\/v2\/posts\/1197"}],"collection":[{"href":"https:\/\/museogcivilcampillo.es\/index.php?rest_route=\/wp\/v2\/posts"}],"about":[{"href":"https:\/\/museogcivilcampillo.es\/index.php?rest_route=\/wp\/v2\/types\/post"}],"author":[{"embeddable":true,"href":"https:\/\/museogcivilcampillo.es\/index.php?rest_route=\/wp\/v2\/users\/1"}],"replies":[{"embeddable":true,"href":"https:\/\/museogcivilcampillo.es\/index.php?rest_route=%2Fwp%2Fv2%2Fcomments&post=1197"}],"version-history":[{"count":79,"href":"https:\/\/museogcivilcampillo.es\/index.php?rest_route=\/wp\/v2\/posts\/1197\/revisions"}],"predecessor-version":[{"id":1555,"href":"https:\/\/museogcivilcampillo.es\/index.php?rest_route=\/wp\/v2\/posts\/1197\/revisions\/1555"}],"wp:featuredmedia":[{"embeddable":true,"href":"https:\/\/museogcivilcampillo.es\/index.php?rest_route=\/wp\/v2\/media\/1224"}],"wp:attachment":[{"href":"https:\/\/museogcivilcampillo.es\/index.php?rest_route=%2Fwp%2Fv2%2Fmedia&parent=1197"}],"wp:term":[{"taxonomy":"category","embeddable":true,"href":"https:\/\/museogcivilcampillo.es\/index.php?rest_route=%2Fwp%2Fv2%2Fcategories&post=1197"},{"taxonomy":"post_tag","embeddable":true,"href":"https:\/\/museogcivilcampillo.es\/index.php?rest_route=%2Fwp%2Fv2%2Ftags&post=1197"}],"curies":[{"name":"wp","href":"https:\/\/api.w.org\/{rel}","templated":true}]}}