{"id":1591,"date":"2020-12-19T11:15:14","date_gmt":"2020-12-19T11:15:14","guid":{"rendered":"https:\/\/museogcivilcampillo.es\/?p=1591"},"modified":"2021-01-04T12:56:22","modified_gmt":"2021-01-04T12:56:22","slug":"disponibles-las-jornadas-virtuales-sobre-patrimonio-belico-y-turismo","status":"publish","type":"post","link":"https:\/\/museogcivilcampillo.es\/?p=1591","title":{"rendered":"Disponibles las Jornadas virtuales sobre Patrimonio B\u00e9lico y Turismo"},"content":{"rendered":"<p>Una vez finalizadas las Jornadas virtuales sobre Patrimonio B\u00e9lico y Turismo ponemos a disposici\u00f3n de los interesados los videos de las ponencias celebradas en las mismas.<\/p>\n<p>Durante los d\u00edas 15 y 16 de diciembre de 2020, hemos celebrado las jornadas virtuales sobre Patrimonio B\u00e9lico y Turismo, en las que han participado m\u00e1s de 40 personas.<\/p>\n<p>Agradecemos especialmente a los ponentes, D. Antonio Doroteo L\u00f3pez, D. Francisco Portalo y D. Guillermo Le\u00f3n, su implicaci\u00f3n y buen hacer.<\/p>\n<p>Estas jornadas se insertan en las acciones que nuestro \u201cComplejo Muse\u00edstico de la Guerra Civil en Campillo de Llerena\u201d realiza con el objetivo de la divulgaci\u00f3n cient\u00edfica, educativa y puesta en valor de los bienes arqueol\u00f3gicos que ha legado la Guerra Civil Espa\u00f1ola en Campillo de Llerena y Extremadura.<\/p>\n<p>Aprovechamos para dar las gracias a la Diputaci\u00f3n de Badajoz por su apoyo para la celebraci\u00f3n de estas jornadas.<\/p>\n<p>Aqu\u00ed os dejamos los videos de la jornada virtual \ud83d\udcbb del d\u00eda 15 de diciembre, con las intervenciones de D. Fco. Portalo y D. Antonio Doroteo L\u00f3pez:<\/p>\n<ul>\n<li><strong>Elaboraci\u00f3n del Cat\u00e1logo de Patrimonio B\u00e9lico de la Provincia de Badajoz, hacia su protecci\u00f3n y conocimiento<\/strong>. <a href=\"https:\/\/www.youtube.com\/watch?v=mQBaFnAicFU\">https:\/\/youtu.be\/EqO2QM-279w<\/a><\/li>\n<\/ul>\n<p>&nbsp;<\/p>\n<p><img loading=\"lazy\" class=\"wp-image-1592 size-large aligncenter\" src=\"http:\/\/museogcivilcampillo.es\/wp-content\/uploads\/2020\/12\/131581417_112542760690299_3429829309159201405_o-1024x461.jpg\" alt=\"\" width=\"720\" height=\"324\" srcset=\"https:\/\/museogcivilcampillo.es\/wp-content\/uploads\/2020\/12\/131581417_112542760690299_3429829309159201405_o-1024x461.jpg 1024w, https:\/\/museogcivilcampillo.es\/wp-content\/uploads\/2020\/12\/131581417_112542760690299_3429829309159201405_o-300x135.jpg 300w, https:\/\/museogcivilcampillo.es\/wp-content\/uploads\/2020\/12\/131581417_112542760690299_3429829309159201405_o-768x346.jpg 768w, https:\/\/museogcivilcampillo.es\/wp-content\/uploads\/2020\/12\/131581417_112542760690299_3429829309159201405_o-800x360.jpg 800w, https:\/\/museogcivilcampillo.es\/wp-content\/uploads\/2020\/12\/131581417_112542760690299_3429829309159201405_o.jpg 1294w\" sizes=\"(max-width: 720px) 100vw, 720px\" \/><\/p>\n<p>&nbsp;<\/p>\n<p>Y el video de la jornada virtual \ud83d\udcbb del d\u00eda &nbsp;16 de diciembre con la intervenci\u00f3n de D. Guillermo Le\u00f3n.<\/p>\n<ul>\n<li><strong>Protecci\u00f3n del patrimonio de la Guerra Civil y la posguerra en Extremadura: el campo de Concentraci\u00f3n de Castuera<\/strong>. <a href=\"https:\/\/www.youtube.com\/watch?v=e5B7A_NlkCE\">https:\/\/youtu.be\/tTKeNKFCoFw<\/a><\/li>\n<\/ul>\n<p>&nbsp;<\/p>\n<p><img loading=\"lazy\" class=\"wp-image-1593 size-large aligncenter\" src=\"http:\/\/museogcivilcampillo.es\/wp-content\/uploads\/2020\/12\/131629607_112542660690309_2490235958785772647_o-1024x545.jpg\" alt=\"\" width=\"720\" height=\"383\" srcset=\"https:\/\/museogcivilcampillo.es\/wp-content\/uploads\/2020\/12\/131629607_112542660690309_2490235958785772647_o-1024x545.jpg 1024w, https:\/\/museogcivilcampillo.es\/wp-content\/uploads\/2020\/12\/131629607_112542660690309_2490235958785772647_o-300x160.jpg 300w, https:\/\/museogcivilcampillo.es\/wp-content\/uploads\/2020\/12\/131629607_112542660690309_2490235958785772647_o-768x409.jpg 768w, https:\/\/museogcivilcampillo.es\/wp-content\/uploads\/2020\/12\/131629607_112542660690309_2490235958785772647_o-800x426.jpg 800w, https:\/\/museogcivilcampillo.es\/wp-content\/uploads\/2020\/12\/131629607_112542660690309_2490235958785772647_o.jpg 1345w\" sizes=\"(max-width: 720px) 100vw, 720px\" \/><\/p>\n<p>&nbsp;<\/p>\n<p>Esperamos que lo disfruten.<\/p>\n","protected":false},"excerpt":{"rendered":"<p>Una vez finalizadas las Jornadas virtuales sobre Patrimonio B\u00e9lico y Turismo ponemos a disposici\u00f3n de los interesados los videos de las ponencias celebradas en las mismas. Durante los d\u00edas 15 y 16 de diciembre de 2020, hemos celebrado las jornadas virtuales sobre Patrimonio B\u00e9lico y Turismo, en las que han participado m\u00e1s de 40 personas. [&hellip;]<\/p>\n","protected":false},"author":1,"featured_media":1593,"comment_status":"closed","ping_status":"closed","sticky":false,"template":"","format":"standard","meta":{"ngg_post_thumbnail":0},"categories":[8],"tags":[],"_links":{"self":[{"href":"https:\/\/museogcivilcampillo.es\/index.php?rest_route=\/wp\/v2\/posts\/1591"}],"collection":[{"href":"https:\/\/museogcivilcampillo.es\/index.php?rest_route=\/wp\/v2\/posts"}],"about":[{"href":"https:\/\/museogcivilcampillo.es\/index.php?rest_route=\/wp\/v2\/types\/post"}],"author":[{"embeddable":true,"href":"https:\/\/museogcivilcampillo.es\/index.php?rest_route=\/wp\/v2\/users\/1"}],"replies":[{"embeddable":true,"href":"https:\/\/museogcivilcampillo.es\/index.php?rest_route=%2Fwp%2Fv2%2Fcomments&post=1591"}],"version-history":[{"count":5,"href":"https:\/\/museogcivilcampillo.es\/index.php?rest_route=\/wp\/v2\/posts\/1591\/revisions"}],"predecessor-version":[{"id":1897,"href":"https:\/\/museogcivilcampillo.es\/index.php?rest_route=\/wp\/v2\/posts\/1591\/revisions\/1897"}],"wp:featuredmedia":[{"embeddable":true,"href":"https:\/\/museogcivilcampillo.es\/index.php?rest_route=\/wp\/v2\/media\/1593"}],"wp:attachment":[{"href":"https:\/\/museogcivilcampillo.es\/index.php?rest_route=%2Fwp%2Fv2%2Fmedia&parent=1591"}],"wp:term":[{"taxonomy":"category","embeddable":true,"href":"https:\/\/museogcivilcampillo.es\/index.php?rest_route=%2Fwp%2Fv2%2Fcategories&post=1591"},{"taxonomy":"post_tag","embeddable":true,"href":"https:\/\/museogcivilcampillo.es\/index.php?rest_route=%2Fwp%2Fv2%2Ftags&post=1591"}],"curies":[{"name":"wp","href":"https:\/\/api.w.org\/{rel}","templated":true}]}}