{"id":1935,"date":"2022-01-05T18:14:44","date_gmt":"2022-01-05T18:14:44","guid":{"rendered":"https:\/\/museogcivilcampillo.es\/?p=1935"},"modified":"2022-01-05T18:22:03","modified_gmt":"2022-01-05T18:22:03","slug":"campillo-de-llerena-presenta-una-gymkana-turistica-y-cultural-cementerio-de-los-italianos","status":"publish","type":"post","link":"https:\/\/museogcivilcampillo.es\/?p=1935","title":{"rendered":"Campillo de Llerena presenta una gymkana tur\u00edstica y cultural \u201cCementerio de los Italianos\u201d."},"content":{"rendered":"<p>El ayuntamiento de Campillo de Llerena, a trav\u00e9s de la concejal\u00eda de cultura, la Agencia de Empleo y Desarrollo Local y del Complejo muse\u00edstico sobre la Guerra Civil, y el apoyo de la Diputaci\u00f3n de Badajoz, pone en valor \u201cCementerio de los Italianos\u201d a trav\u00e9s de un novedoso producto tur\u00edstico que permitir\u00e1 dar a conocer de una forma disruptiva el patrimonio b\u00e9lico de la Guerra Civil de la localidad.<\/p>\n<p>Este municipio constituy\u00f3 un punto estrat\u00e9gico del &#8220;Frente Extreme\u00f1o&#8221;, por lo que es rico en patrimonio hist\u00f3rico-b\u00e9lico como b\u00fankeres, trincheras, casamatas, puestos de observaci\u00f3n, aer\u00f3dromos, \u2026 que es necesario conocer y preservar como vestigios de la historia y del horror que representan las guerras.<\/p>\n<p>As\u00ed, Campillo cuenta con una Colecci\u00f3n Museogr\u00e1fica de la Guerra Civil y con un peculiar cementerio militar donde fueron enterrados, en un primer momento, soldados italianos y espa\u00f1oles de la Brigada Mixta &#8220;Flechas Azules&#8221;. Desde la reconciliaci\u00f3n, el respeto a todas las v\u00edctimas y el conocimiento de los hechos hist\u00f3ricos, el municipio pretende explotar su patrimonio para posicionarse como un destino tur\u00edstico diferente.<\/p>\n<p>Gracias a la empresa guiaventuras.com, dedicada a la innovaci\u00f3n y digitalizaci\u00f3n tur\u00edstica, se ofrece una gymkana cultural, que a trav\u00e9s de un itinerario autoguiado nos har\u00e1 conocer la historia, patrimonio y el por qu\u00e9 de este cementerio. Durante la visita el turista deber\u00e1 fijarse en peque\u00f1os detalles para dar respuesta a las distintas preguntas que nos plantea la gymkana, y poder seguir as\u00ed avanzando en el recorrido.<\/p>\n<p>El visitante tan solo ha de acceder a la plataforma <a href=\"https:\/\/www.guiaventuras.com\/start-adventure.php?adventure_id=gynkana-turistica-digital-cementerio-italiano-109\" target=\"_blank\" rel=\"noopener\">www.guiaventuras.com<\/a> desde un dispositivo m\u00f3vil y elegir la guiaventura del \u201cCementerio de los Italianos\u201d, o escanear un c\u00f3digo QR.<\/p>\n<p><img loading=\"lazy\" class=\"wp-image-1937 size-medium aligncenter\" src=\"http:\/\/museogcivilcampillo.es\/wp-content\/uploads\/2022\/01\/qr-campillo-300x300.png\" alt=\"\" width=\"300\" height=\"300\" srcset=\"https:\/\/museogcivilcampillo.es\/wp-content\/uploads\/2022\/01\/qr-campillo-300x300.png 300w, https:\/\/museogcivilcampillo.es\/wp-content\/uploads\/2022\/01\/qr-campillo-150x150.png 150w, https:\/\/museogcivilcampillo.es\/wp-content\/uploads\/2022\/01\/qr-campillo.png 500w\" sizes=\"(max-width: 300px) 100vw, 300px\" \/><\/p>\n<p>Gracias a la tecnolog\u00eda, para disfrutar de esta actividad gratuita no es necesario hacer reservas, ni formar grupos, ni ajustarse a horarios, y tampoco debemos descargar ninguna APP.<\/p>\n<p>Con esta experiencia el ayuntamiento de Campillo de Llerena ha logrado aunar historia, patrimonio, divulgaci\u00f3n, turismo y entretenimiento con un producto destinado a todos los p\u00fablicos.<\/p>\n","protected":false},"excerpt":{"rendered":"<p>El ayuntamiento de Campillo de Llerena, a trav\u00e9s de la concejal\u00eda de cultura, la Agencia de Empleo y Desarrollo Local y del Complejo muse\u00edstico sobre la Guerra Civil, y el apoyo de la Diputaci\u00f3n de Badajoz, pone en valor \u201cCementerio de los Italianos\u201d a trav\u00e9s de un novedoso producto tur\u00edstico que permitir\u00e1 dar a conocer [&hellip;]<\/p>\n","protected":false},"author":1,"featured_media":1936,"comment_status":"closed","ping_status":"closed","sticky":false,"template":"","format":"standard","meta":{"ngg_post_thumbnail":0},"categories":[7,8],"tags":[],"_links":{"self":[{"href":"https:\/\/museogcivilcampillo.es\/index.php?rest_route=\/wp\/v2\/posts\/1935"}],"collection":[{"href":"https:\/\/museogcivilcampillo.es\/index.php?rest_route=\/wp\/v2\/posts"}],"about":[{"href":"https:\/\/museogcivilcampillo.es\/index.php?rest_route=\/wp\/v2\/types\/post"}],"author":[{"embeddable":true,"href":"https:\/\/museogcivilcampillo.es\/index.php?rest_route=\/wp\/v2\/users\/1"}],"replies":[{"embeddable":true,"href":"https:\/\/museogcivilcampillo.es\/index.php?rest_route=%2Fwp%2Fv2%2Fcomments&post=1935"}],"version-history":[{"count":3,"href":"https:\/\/museogcivilcampillo.es\/index.php?rest_route=\/wp\/v2\/posts\/1935\/revisions"}],"predecessor-version":[{"id":1942,"href":"https:\/\/museogcivilcampillo.es\/index.php?rest_route=\/wp\/v2\/posts\/1935\/revisions\/1942"}],"wp:featuredmedia":[{"embeddable":true,"href":"https:\/\/museogcivilcampillo.es\/index.php?rest_route=\/wp\/v2\/media\/1936"}],"wp:attachment":[{"href":"https:\/\/museogcivilcampillo.es\/index.php?rest_route=%2Fwp%2Fv2%2Fmedia&parent=1935"}],"wp:term":[{"taxonomy":"category","embeddable":true,"href":"https:\/\/museogcivilcampillo.es\/index.php?rest_route=%2Fwp%2Fv2%2Fcategories&post=1935"},{"taxonomy":"post_tag","embeddable":true,"href":"https:\/\/museogcivilcampillo.es\/index.php?rest_route=%2Fwp%2Fv2%2Ftags&post=1935"}],"curies":[{"name":"wp","href":"https:\/\/api.w.org\/{rel}","templated":true}]}}