{"id":1944,"date":"2022-02-17T19:36:05","date_gmt":"2022-02-17T19:36:05","guid":{"rendered":"https:\/\/museogcivilcampillo.es\/?p=1944"},"modified":"2022-02-17T19:54:59","modified_gmt":"2022-02-17T19:54:59","slug":"presentado-el-mapa-de-fosas-de-la-guerra-civil-y-la-dictadura-franquista-en-extremadura","status":"publish","type":"post","link":"https:\/\/museogcivilcampillo.es\/?p=1944","title":{"rendered":"Presentado el Mapa de fosas de la Guerra Civil y la dictadura franquista en Extremadura"},"content":{"rendered":"<p>La consejera de Cultura, Turismo y Deportes, Nuria Flores Redondo, ha presentado este mi\u00e9rcoles en Badajoz el Mapa de fosas de la Guerra Civil y la represi\u00f3n franquista en Extremadura, un espacio web con 206 fosas catalogadas realizado con informaci\u00f3n desde 1956 hasta 2020 y abierto a nuevos testimonios e investigaciones. El mapa incluye las intervenciones y exhumaciones realizadas en la regi\u00f3n (86), sondeos (60), traslados al Valle de los Ca\u00eddos (19) y las solicitudes de intervenci\u00f3n (41) a partir de testimonios y documentaci\u00f3n hist\u00f3rica.&nbsp;<\/p>\n<hr>\n<div dir=\"auto\"><strong>Las fosas de nuestra localidad inventariadas en esta cat\u00e1logo son las siguientes:<\/strong><\/div>\n<div dir=\"auto\"><a class=\"oajrlxb2 g5ia77u1 qu0x051f esr5mh6w e9989ue4 r7d6kgcz rq0escxv nhd2j8a9 nc684nl6 p7hjln8o kvgmc6g5 cxmmr5t8 oygrvhab hcukyx3x jb3vyjys rz4wbd8a qt6c0cv9 a8nywdso i1ao9s8h esuyzwwr f1sip0of lzcic4wl gpro0wi8 py34i1dx\" tabindex=\"0\" role=\"link\" href=\"https:\/\/bit.ly\/3LHjG7W?fbclid=IwAR2Pm5bo7bqjP1QhhxUNqfg44pI10czOPhGNwxSWD4C3rH-hUXbK7AhvPWE\" target=\"_blank\" rel=\"nofollow noopener\">Valle de los Caidos <\/a><\/div>\n<div dir=\"auto\"><a class=\"oajrlxb2 g5ia77u1 qu0x051f esr5mh6w e9989ue4 r7d6kgcz rq0escxv nhd2j8a9 nc684nl6 p7hjln8o kvgmc6g5 cxmmr5t8 oygrvhab hcukyx3x jb3vyjys rz4wbd8a qt6c0cv9 a8nywdso i1ao9s8h esuyzwwr f1sip0of lzcic4wl gpro0wi8 py34i1dx\" tabindex=\"0\" role=\"link\" href=\"https:\/\/bit.ly\/3LDvnwm?fbclid=IwAR1WvPYGrcuvYgksOU3MiZDaUr0PJGMPwSyeGW1eVR4teT4FPbDnX4tRjdw\" target=\"_blank\" rel=\"nofollow noopener\">Cementerio de los Italianos<\/a><\/div>\n<div dir=\"auto\"><a class=\"oajrlxb2 g5ia77u1 qu0x051f esr5mh6w e9989ue4 r7d6kgcz rq0escxv nhd2j8a9 nc684nl6 p7hjln8o kvgmc6g5 cxmmr5t8 oygrvhab hcukyx3x jb3vyjys rz4wbd8a qt6c0cv9 a8nywdso i1ao9s8h esuyzwwr f1sip0of lzcic4wl gpro0wi8 py34i1dx\" tabindex=\"0\" role=\"link\" href=\"https:\/\/bit.ly\/3sRfGsO?fbclid=IwAR2scoehQ5sYQgfQW0H_qiuELhadG633wQAutylMJMHTDQ_voCJXoHJvP2Q\" target=\"_blank\" rel=\"nofollow noopener\">Paraje de Argall\u00e9n <\/a><\/div>\n<div dir=\"auto\">\n<hr>\n<\/div>\n<p>Durante la presentaci\u00f3n, que ha tenido lugar en el Museo Extreme\u00f1o e Iberoamericano de Arte Contempor\u00e1neo (MEIAC), la consejera ha se\u00f1alado que el mapa de fosas cumplimenta uno de los mandatos m\u00e1s importantes de la Ley de Memoria Hist\u00f3rica y Democr\u00e1tica de Extremadura consistente en recuperar la memoria y la historia de las extreme\u00f1as y extreme\u00f1os que padecieron persecuci\u00f3n o violencia por razones pol\u00edticas, ideol\u00f3gicas, de creencia religiosa, de g\u00e9nero o identidad y de orientaci\u00f3n sexual durante la Guerra Civil y la Dictadura, para restituir, reconocer y rehabilitar sus vidas.<\/p>\n<p>Nuria Flores ha afirmado que se trata de un mapa que responde al deseo de numerosos familiares de v\u00edctimas de conocer d\u00f3nde est\u00e1n sus allegados, y un medio muy \u00fatil para que la sociedad extreme\u00f1a pueda localizar y reparar a estas v\u00edctimas; siendo tambi\u00e9n un documento hist\u00f3rico y una herramienta de primera mano para la investigaci\u00f3n. Se estima que se han exhumado en Extremadura entre 450 y 500 v\u00edctimas desde el a\u00f1o 2003.<\/p>\n<p>En el mapa extreme\u00f1o de fosas, que incluye 169 en la provincia de Badajoz, 36 en la de C\u00e1ceres y una en la provincia de \u00c1vila por tener v\u00edctimas extreme\u00f1as, se puede acceder a trav\u00e9s de s\u00edmbolos de diferentes colores seg\u00fan tipo de intervenci\u00f3n realizada. Adem\u00e1s, cada fosa e intervenci\u00f3n dispone de informaci\u00f3n detallada en una ficha complementaria descargable.<\/p>\n<p>Cada ficha, contiene datos sobre la contextualizaci\u00f3n hist\u00f3rica de cada fosa y las caracter\u00edsticas t\u00e9cnicas de su intervenci\u00f3n, mostrando el estado actual, su denominaci\u00f3n y ubicaci\u00f3n georeferenciada, el tipo de fosa, una breve descripci\u00f3n de los trabajos arqueol\u00f3gicos y antropol\u00f3gicos realizados en ellas; adem\u00e1s de los listados de v\u00edctimas de la represi\u00f3n identificadas o estimadas junto a documentos fotogr\u00e1ficos y localizaci\u00f3n en un mapa interactivo.<\/p>\n<p>Cada localizaci\u00f3n se acompa\u00f1a de los listados de represaliados y represaliadas que aparece vinculadas a actos represivos en cada localidad de manera que constituye un testimonio y un homenaje a las personas que fueron represaliadas.<\/p>\n<p>La consejera Nuria Flores ha destacado los importantes avances que se han realizado en los \u00faltimos a\u00f1os en materia de Memoria Democr\u00e1tica con el trabajo de asociaciones memorialistas y el impulso dado por la Junta de Extremadura junto con las diputaciones y la Universidad.<\/p>\n<p>En 2022, la Junta de Extremadura destina 646.702 euros al desarrollo de pol\u00edticas p\u00fablicas relacionadas con la Memoria hist\u00f3rica y Democr\u00e1tica.<\/p>\n<p>El presupuesto para la elaboraci\u00f3n del mapa ha sido de 60.000 euros financiados \u00edntegramente por la Consejer\u00eda de Cultura, Turismo y Deportes.<\/p>\n<p>La presentaci\u00f3n ha contado con la asistencia del director general de Bibliotecas, Archivos y Patrimonio Cultural, Francisco P\u00e9rez Urb\u00e1n; el jefe de Servicio de Memoria Democr\u00e1tica, Francisco Javier Jim\u00e9nez \u00c1vila; la t\u00e9cnica de Memoria Democr\u00e1tica, Candela Chaves; la diputada de Transparencia y Atenci\u00f3n al Ciudadano de la Diputaci\u00f3n de Badajoz, Dolores M\u00e9ndez Dur\u00e1n, y representantes de asociaciones memorialistas de Extremadura, entre otros.<\/p>\n<p>El Mapa de fosas de la Guerra Civil y la represi\u00f3n franquista en Extremadura puede consultarse en <a title=\"Abre en nueva ventana\" href=\"http:\/\/mapadefosas.juntaex.es\/\" target=\"_blank\" rel=\"noopener\">http:\/\/mapadefosas.juntaex.es\/<\/a><\/p>\n<p>Fuente: <a href=\"http:\/\/www.juntaex.es\/comunicacion\/noticia?idPub=35847\" target=\"_blank\" rel=\"noopener\">Consejer\u00eda de Cultura, Turismo y Deportes<\/a><\/p>\n<p>&nbsp;<\/p>\n","protected":false},"excerpt":{"rendered":"<p>La consejera de Cultura, Turismo y Deportes, Nuria Flores Redondo, ha presentado este mi\u00e9rcoles en Badajoz el Mapa de fosas de la Guerra Civil y la represi\u00f3n franquista en Extremadura, un espacio web con 206 fosas catalogadas realizado con informaci\u00f3n desde 1956 hasta 2020 y abierto a nuevos testimonios e investigaciones. El mapa incluye las [&hellip;]<\/p>\n","protected":false},"author":1,"featured_media":1945,"comment_status":"closed","ping_status":"closed","sticky":false,"template":"","format":"standard","meta":{"ngg_post_thumbnail":0},"categories":[8],"tags":[],"_links":{"self":[{"href":"https:\/\/museogcivilcampillo.es\/index.php?rest_route=\/wp\/v2\/posts\/1944"}],"collection":[{"href":"https:\/\/museogcivilcampillo.es\/index.php?rest_route=\/wp\/v2\/posts"}],"about":[{"href":"https:\/\/museogcivilcampillo.es\/index.php?rest_route=\/wp\/v2\/types\/post"}],"author":[{"embeddable":true,"href":"https:\/\/museogcivilcampillo.es\/index.php?rest_route=\/wp\/v2\/users\/1"}],"replies":[{"embeddable":true,"href":"https:\/\/museogcivilcampillo.es\/index.php?rest_route=%2Fwp%2Fv2%2Fcomments&post=1944"}],"version-history":[{"count":5,"href":"https:\/\/museogcivilcampillo.es\/index.php?rest_route=\/wp\/v2\/posts\/1944\/revisions"}],"predecessor-version":[{"id":1970,"href":"https:\/\/museogcivilcampillo.es\/index.php?rest_route=\/wp\/v2\/posts\/1944\/revisions\/1970"}],"wp:featuredmedia":[{"embeddable":true,"href":"https:\/\/museogcivilcampillo.es\/index.php?rest_route=\/wp\/v2\/media\/1945"}],"wp:attachment":[{"href":"https:\/\/museogcivilcampillo.es\/index.php?rest_route=%2Fwp%2Fv2%2Fmedia&parent=1944"}],"wp:term":[{"taxonomy":"category","embeddable":true,"href":"https:\/\/museogcivilcampillo.es\/index.php?rest_route=%2Fwp%2Fv2%2Fcategories&post=1944"},{"taxonomy":"post_tag","embeddable":true,"href":"https:\/\/museogcivilcampillo.es\/index.php?rest_route=%2Fwp%2Fv2%2Ftags&post=1944"}],"curies":[{"name":"wp","href":"https:\/\/api.w.org\/{rel}","templated":true}]}}