{"id":2103,"date":"2022-11-04T18:18:54","date_gmt":"2022-11-04T18:18:54","guid":{"rendered":"https:\/\/museogcivilcampillo.es\/?p=2103"},"modified":"2022-11-04T18:18:54","modified_gmt":"2022-11-04T18:18:54","slug":"ii-jornadas-de-patrimonio-belico-de-la-serena-como-recurso-turistico","status":"publish","type":"post","link":"https:\/\/museogcivilcampillo.es\/?p=2103","title":{"rendered":"II Jornadas de Patrimonio B\u00e9lico de La Serena como Recurso Tur\u00edstico"},"content":{"rendered":"<p>Los pr\u00f3ximos d\u00edas <strong>26 y 27 de noviembre<\/strong> se celebrar\u00e1n las <strong>II Jornadas de Patrimonio B\u00e9lico de La Serena como Recurso Tur\u00edstico<\/strong>, organizadas por el CEDER La Serena y La Serena Paisaje Cultural y financiadas por la Diputaci\u00f3n de Badajoz.<\/p>\n<p>El lugar de celebraci\u00f3n ser\u00e1 el <strong>Centro de Ocio de la localidad de Campanario (Badajoz)<\/strong>, el d\u00eda 27 los asistentes disfrutar\u00e1n de una visita guiada por el patrimonio b\u00e9lico de la comarca de La Serena.<\/p>\n<p>En archivo adjunto se encuentra el programa de las jornadas.<\/p>\n<p>Las jornadas son gratuitas y presenciales y las personas interesadas en asistir <strong>deben inscribirse a trav\u00e9s del siguiente enlace,<\/strong><\/p>\n<p><a href=\"https:\/\/forms.gle\/BB9UAr3tRPfr9a6Y9\">https:\/\/forms.gle\/BB9UAr3tRPfr9a6Y9<\/a><\/p>\n<p>M\u00e1s informaci\u00f3n en <a href=\"mailto:jornadaspatrimoniolspc@gmail.com\">jornadaspatrimoniolspc@gmail.com<\/a> o en el tel\u00e9fono 924 77 24 08<\/p>\n","protected":false},"excerpt":{"rendered":"<p>Los pr\u00f3ximos d\u00edas 26 y 27 de noviembre se celebrar\u00e1n las II Jornadas de Patrimonio B\u00e9lico de La Serena como Recurso Tur\u00edstico, organizadas por el CEDER La Serena y La Serena Paisaje Cultural y financiadas por la Diputaci\u00f3n de Badajoz. El lugar de celebraci\u00f3n ser\u00e1 el Centro de Ocio de la localidad de Campanario (Badajoz), [&hellip;]<\/p>\n","protected":false},"author":1,"featured_media":2104,"comment_status":"closed","ping_status":"closed","sticky":false,"template":"","format":"standard","meta":{"ngg_post_thumbnail":0},"categories":[8],"tags":[],"_links":{"self":[{"href":"https:\/\/museogcivilcampillo.es\/index.php?rest_route=\/wp\/v2\/posts\/2103"}],"collection":[{"href":"https:\/\/museogcivilcampillo.es\/index.php?rest_route=\/wp\/v2\/posts"}],"about":[{"href":"https:\/\/museogcivilcampillo.es\/index.php?rest_route=\/wp\/v2\/types\/post"}],"author":[{"embeddable":true,"href":"https:\/\/museogcivilcampillo.es\/index.php?rest_route=\/wp\/v2\/users\/1"}],"replies":[{"embeddable":true,"href":"https:\/\/museogcivilcampillo.es\/index.php?rest_route=%2Fwp%2Fv2%2Fcomments&post=2103"}],"version-history":[{"count":1,"href":"https:\/\/museogcivilcampillo.es\/index.php?rest_route=\/wp\/v2\/posts\/2103\/revisions"}],"predecessor-version":[{"id":2106,"href":"https:\/\/museogcivilcampillo.es\/index.php?rest_route=\/wp\/v2\/posts\/2103\/revisions\/2106"}],"wp:featuredmedia":[{"embeddable":true,"href":"https:\/\/museogcivilcampillo.es\/index.php?rest_route=\/wp\/v2\/media\/2104"}],"wp:attachment":[{"href":"https:\/\/museogcivilcampillo.es\/index.php?rest_route=%2Fwp%2Fv2%2Fmedia&parent=2103"}],"wp:term":[{"taxonomy":"category","embeddable":true,"href":"https:\/\/museogcivilcampillo.es\/index.php?rest_route=%2Fwp%2Fv2%2Fcategories&post=2103"},{"taxonomy":"post_tag","embeddable":true,"href":"https:\/\/museogcivilcampillo.es\/index.php?rest_route=%2Fwp%2Fv2%2Ftags&post=2103"}],"curies":[{"name":"wp","href":"https:\/\/api.w.org\/{rel}","templated":true}]}}