{"id":2135,"date":"2025-02-16T12:48:24","date_gmt":"2025-02-16T12:48:24","guid":{"rendered":"https:\/\/museogcivilcampillo.es\/?p=2135"},"modified":"2025-02-16T12:52:05","modified_gmt":"2025-02-16T12:52:05","slug":"presentado-el-libro-patrimonio-de-la-guerra-civil-en-la-provincia-de-badajoz","status":"publish","type":"post","link":"https:\/\/museogcivilcampillo.es\/?p=2135","title":{"rendered":"Presentado el libro &#8220;Patrimonio de la Guerra Civil en la provincia de Badajoz&#8221;"},"content":{"rendered":"<div class=\"xdj266r x11i5rnm xat24cr x1mh8g0r x1vvkbs x126k92a\">\n<div dir=\"auto\">El pasado 30 de enero se presento el libro &#8220;Patrimonio de la Guerra Civil en la provincia de Badajoz&#8221;, editado por el \u00c1rea de Cultura de la <span class=\"html-span xdj266r x11i5rnm xat24cr x1mh8g0r xexx8yu x4uap5 x18d9i69 xkhd6sd x1hl2dhg x16tdsg8 x1vvkbs\"><a class=\"x1i10hfl xjbqb8w x1ejq31n xd10rxx x1sy0etr x17r0tee x972fbf xcfux6l x1qhh985 xm0m39n x9f619 x1ypdohk xt0psk2 xe8uvvx xdj266r x11i5rnm xat24cr x1mh8g0r xexx8yu x4uap5 x18d9i69 xkhd6sd x16tdsg8 x1hl2dhg xggy1nq x1a2a7pz x1sur9pj xkrqix3 x1fey0fg xo1l8bm\" tabindex=\"0\" role=\"link\" href=\"https:\/\/www.facebook.com\/DiputaciondeBadajoz?__cft__[0]=AZVJhuV8qBR0URlLJ74M2lspFwgf1nouPWQx-TEEblSDq0i5XrvcPRfVtuAgrxrUKs_j_N1_-wGexkZAJ2Va0pNxQbhBf0uMJtr30V6Z-J5izAGFJRvCeHBezKEpORIHRLYXsNC1apldG149tLzASpGvd4Afha1rTKfbspnuC27CvbMWcisp2XRQ8HNeaOv0p28&amp;__tn__=-]K-R\">Diputaci\u00f3n de Badajoz<\/a><\/span>, y cuyos autores son Antonio D. L\u00f3pez, Diego Sanabria, Francisco Portalo y Jos\u00e9 Luis Rubio.<\/div>\n<div dir=\"auto\">&nbsp;<\/div>\n<\/div>\n<div class=\"x11i5rnm xat24cr x1mh8g0r x1vvkbs xtlvy1s x126k92a\">\n<div dir=\"auto\">Esta publicaci\u00f3n, uno de los estudios m\u00e1s minucioso sobre patrimonio b\u00e9lico, se organiza en cuatro vol\u00famenes organizados en el estudio propiamente dicho y el cat\u00e1logo patrimonial.<\/div>\n<div dir=\"auto\">&nbsp;<\/div>\n<\/div>\n<div class=\"x11i5rnm xat24cr x1mh8g0r x1vvkbs xtlvy1s x126k92a\">\n<div dir=\"auto\">Una obra clave para conocer el legado patrimonial de la Guerra Civil, del Frente Extreme\u00f1o, en la provincia de Badajoz.<\/div>\n<div dir=\"auto\">&nbsp;<\/div>\n<\/div>\n<div class=\"x11i5rnm xat24cr x1mh8g0r x1vvkbs xtlvy1s x126k92a\">\n<div dir=\"auto\">En el siguiente enlace puedes ver su presentaci\u00f3n: <span class=\"html-span xdj266r x11i5rnm xat24cr x1mh8g0r xexx8yu x4uap5 x18d9i69 xkhd6sd x1hl2dhg x16tdsg8 x1vvkbs\"><a class=\"x1i10hfl xjbqb8w x1ejq31n xd10rxx x1sy0etr x17r0tee x972fbf xcfux6l x1qhh985 xm0m39n x9f619 x1ypdohk xt0psk2 xe8uvvx xdj266r x11i5rnm xat24cr x1mh8g0r xexx8yu x4uap5 x18d9i69 xkhd6sd x16tdsg8 x1hl2dhg xggy1nq x1a2a7pz x1sur9pj xkrqix3 x1fey0fg\" tabindex=\"0\" role=\"link\" href=\"https:\/\/l.facebook.com\/l.php?u=https%3A%2F%2Fwww.youtube.com%2Flive%2FV5vsxZuGBTk&amp;h=AT2SRibnYs1uQ5wltIiCtlJNIzBEZwnhuuXcqzuts_Zrf6yi8-osH56s-h8H02msTjm-V8AvAy8iBt0svslZzGd9EKW1-GwSub43IiXJpA0Wmfy5gRh2-kcjfqAH4I5nUqxRCBG21QEfGvgkAtpY&amp;__tn__=-UK-R&amp;c[0]=AT1ZRwug5dIkLpl__SxkNpx1ibO8zBklF6lI9DN7SUtz1ZQhl60PTXOpyWN74sxxRzkGWCd4OZ07LXc2k9sNttu8dgRs07uPujz1IANV6A4bVSRiyDzPY5uX2n0GRSfr2lwCwkuAwqiAfrSNUxfUBvm7gjzgwaE7n_Oy1EsU4GMlBdvjrh4QgagrAr-ZAdItsATyU9w-U6oTkNUWsDcVHenCGbo\" target=\"_blank\" rel=\"nofollow noopener noreferrer\">https:\/\/www.youtube.com\/live\/V5vsxZuGBTk<\/a><\/span><\/div>\n<\/div>\n<div dir=\"auto\">&nbsp;<\/div>\n<div dir=\"auto\"><img loading=\"lazy\" class=\"aligncenter wp-image-2136\" src=\"http:\/\/museogcivilcampillo.es\/wp-content\/uploads\/2025\/02\/475699938_619830677666949_1321297011218919535_n-300x253.jpg\" alt=\"\" width=\"600\" height=\"506\" srcset=\"https:\/\/museogcivilcampillo.es\/wp-content\/uploads\/2025\/02\/475699938_619830677666949_1321297011218919535_n-300x253.jpg 300w, https:\/\/museogcivilcampillo.es\/wp-content\/uploads\/2025\/02\/475699938_619830677666949_1321297011218919535_n-1024x864.jpg 1024w, https:\/\/museogcivilcampillo.es\/wp-content\/uploads\/2025\/02\/475699938_619830677666949_1321297011218919535_n-768x648.jpg 768w, https:\/\/museogcivilcampillo.es\/wp-content\/uploads\/2025\/02\/475699938_619830677666949_1321297011218919535_n-711x600.jpg 711w, https:\/\/museogcivilcampillo.es\/wp-content\/uploads\/2025\/02\/475699938_619830677666949_1321297011218919535_n.jpg 1067w\" sizes=\"(max-width: 600px) 100vw, 600px\" \/><\/div>\n","protected":false},"excerpt":{"rendered":"<p>El pasado 30 de enero se presento el libro &#8220;Patrimonio de la Guerra Civil en la provincia de Badajoz&#8221;, editado por el \u00c1rea de Cultura de la Diputaci\u00f3n de Badajoz, y cuyos autores son Antonio D. L\u00f3pez, Diego Sanabria, Francisco Portalo y Jos\u00e9 Luis Rubio. &nbsp; Esta publicaci\u00f3n, uno de los estudios m\u00e1s minucioso sobre [&hellip;]<\/p>\n","protected":false},"author":1,"featured_media":2136,"comment_status":"closed","ping_status":"closed","sticky":false,"template":"","format":"standard","meta":{"ngg_post_thumbnail":0},"categories":[8],"tags":[],"_links":{"self":[{"href":"https:\/\/museogcivilcampillo.es\/index.php?rest_route=\/wp\/v2\/posts\/2135"}],"collection":[{"href":"https:\/\/museogcivilcampillo.es\/index.php?rest_route=\/wp\/v2\/posts"}],"about":[{"href":"https:\/\/museogcivilcampillo.es\/index.php?rest_route=\/wp\/v2\/types\/post"}],"author":[{"embeddable":true,"href":"https:\/\/museogcivilcampillo.es\/index.php?rest_route=\/wp\/v2\/users\/1"}],"replies":[{"embeddable":true,"href":"https:\/\/museogcivilcampillo.es\/index.php?rest_route=%2Fwp%2Fv2%2Fcomments&post=2135"}],"version-history":[{"count":4,"href":"https:\/\/museogcivilcampillo.es\/index.php?rest_route=\/wp\/v2\/posts\/2135\/revisions"}],"predecessor-version":[{"id":2141,"href":"https:\/\/museogcivilcampillo.es\/index.php?rest_route=\/wp\/v2\/posts\/2135\/revisions\/2141"}],"wp:featuredmedia":[{"embeddable":true,"href":"https:\/\/museogcivilcampillo.es\/index.php?rest_route=\/wp\/v2\/media\/2136"}],"wp:attachment":[{"href":"https:\/\/museogcivilcampillo.es\/index.php?rest_route=%2Fwp%2Fv2%2Fmedia&parent=2135"}],"wp:term":[{"taxonomy":"category","embeddable":true,"href":"https:\/\/museogcivilcampillo.es\/index.php?rest_route=%2Fwp%2Fv2%2Fcategories&post=2135"},{"taxonomy":"post_tag","embeddable":true,"href":"https:\/\/museogcivilcampillo.es\/index.php?rest_route=%2Fwp%2Fv2%2Ftags&post=2135"}],"curies":[{"name":"wp","href":"https:\/\/api.w.org\/{rel}","templated":true}]}}